{"id":972,"date":"2015-11-11T20:34:08","date_gmt":"2015-11-11T18:34:08","guid":{"rendered":"http:\/\/www.sinfis.net\/?p=972"},"modified":"2015-11-17T22:17:48","modified_gmt":"2015-11-17T20:17:48","slug":"972","status":"publish","type":"post","link":"https:\/\/www.sinfis.fi\/en\/2015\/11\/972\/","title":{"rendered":"SINFIS : SIBELIUS"},"content":{"rendered":"<p><a href=\"http:\/\/www.sinfis.net\/wp-content\/uploads\/2015\/11\/SINFISSIBELIUS.jpg\"><img loading=\"lazy\" decoding=\"async\" src=\"http:\/\/www.sinfis.net\/wp-content\/uploads\/2015\/11\/SINFISSIBELIUS-215x300.jpg\" alt=\"SINFISSIBELIUS\" width=\"215\" height=\"300\" class=\"alignleft size-medium wp-image-974\" srcset=\"https:\/\/www.sinfis.fi\/wp-content\/uploads\/2015\/11\/SINFISSIBELIUS-215x300.jpg 215w, https:\/\/www.sinfis.fi\/wp-content\/uploads\/2015\/11\/SINFISSIBELIUS.jpg 443w\" sizes=\"auto, (max-width: 215px) 100vw, 215px\" \/><\/a><\/p>\n<p>Jyv\u00e4skyl\u00e4n yliopiston sinfoniaorkesteri Sinfis juhlistaa kansalliss\u00e4velt\u00e4j\u00e4mme 150-vuotisjuhlaa lauantaina 28.11.<br \/>\nOrkesteri tuo Taulum\u00e4en yleis\u00f6n kuultavaksi laajan kattauksen vuosisadan vaihteen Sibeliusta.<\/p>\n<p>Sopraano <strong>Eeva Saarenp\u00e4\u00e4<\/strong> solistinaan, Sinfis tarjoaa kuulijoilleen harvemmin kuultuja orkesterisovituksia s\u00e4velt\u00e4j\u00e4n<br \/>\nromanttisista yksinlauluista <em>Var det en dr\u00f6m<\/em>, <em>Flickan kom ifr\u00e5n sin \u00e4lsklings m\u00f6te<\/em> and<em> Kaiutar<\/em>. N\u00e4ist\u00e4 j\u00e4lkimm\u00e4inen saa omintakeisen s\u00e4vyns\u00e4 <strong>Matleena Kohosen<\/strong> konserttikanteleesta. Viulisti <strong>Sanna Kokko<\/strong> taituroi kuultavaksemme kolme Sibeliuksen humoreskia. Monumentaalinen <em>Finlandia<\/em> ja ponnekas <em>Karelia<\/em> nostattavat illan tunnelman sibeliaaniseen huippuunsa! <\/p>\n<p>Konsertin johtaa <strong>Noora M\u00e4\u00e4tt\u00e4<\/strong>. <\/p>\n<p>Liput: 10\/8<\/p>\n<p>Paikan p\u00e4\u00e4ll\u00e4 k\u00e4y ainoastaan k\u00e4teinen.<\/p>\n<p>Konserttilipun voit ostaa my\u00f6s ennakkoon verkkopankin kautta. Suorita maksu tilille FI24 52900 2204071 24.<br \/>\nMaksun saaja: Jyv\u00e4skyl\u00e4n yliopiston sinfoniaorkesteri ry.<br \/>\nKirjoita viestikentt\u00e4\u00e4n lippujen <strong>m\u00e4\u00e4r\u00e4<\/strong> and <strong>tyyppi<\/strong> (normaali- vai opiskelijahinta) sek\u00e4 <strong>oma nimesi<\/strong>. Lunasta lippu paikan p\u00e4\u00e4ll\u00e4 nime\u00e4si vastaan viim. 20 min ennen konsertin alkua.<br \/>\n<strong>Ennakkolippuja myyd\u00e4\u00e4n 22.11. asti.<\/strong><br \/>\nLis\u00e4tietoja rahastonhoitaja Saana Sutiselta (saana.sutinen(at)gmail.com).<\/p>","protected":false},"excerpt":{"rendered":"<p>Jyv\u00e4skyl\u00e4n yliopiston sinfoniaorkesteri Sinfis juhlistaa kansalliss\u00e4velt\u00e4j\u00e4mme 150-vuotisjuhlaa lauantaina 28.11. Orkesteri tuo Taulum\u00e4en yleis\u00f6n kuultavaksi laajan kattauksen vuosisadan vaihteen Sibeliusta. Sopraano Eeva Saarenp\u00e4\u00e4 solistinaan, Sinfis tarjoaa kuulijoilleen harvemmin kuultuja orkesterisovituksia s\u00e4velt\u00e4j\u00e4n romanttisista yksinlauluista Var det en dr\u00f6m, Flickan kom ifr\u00e5n sin \u00e4lsklings m\u00f6te ja Kaiutar. N\u00e4ist\u00e4 j\u00e4lkimm\u00e4inen saa omintakeisen s\u00e4vyns\u00e4 Matleena Kohosen konserttikanteleesta. Viulisti Sanna Kokko &hellip; <\/p>\n<p class=\"link-more\"><a href=\"https:\/\/www.sinfis.fi\/en\/2015\/11\/972\/\" class=\"more-link\">Continue reading<span class=\"screen-reader-text\"> &#8221;SINFIS : SIBELIUS&#8221;<\/span><\/a><\/p>","protected":false},"author":1,"featured_media":0,"comment_status":"open","ping_status":"open","sticky":false,"template":"","format":"standard","meta":{"footnotes":""},"categories":[4],"tags":[],"class_list":["post-972","post","type-post","status-publish","format-standard","hentry","category-kuulumisia"],"_links":{"self":[{"href":"https:\/\/www.sinfis.fi\/en\/wp-json\/wp\/v2\/posts\/972","targetHints":{"allow":["GET"]}}],"collection":[{"href":"https:\/\/www.sinfis.fi\/en\/wp-json\/wp\/v2\/posts"}],"about":[{"href":"https:\/\/www.sinfis.fi\/en\/wp-json\/wp\/v2\/types\/post"}],"author":[{"embeddable":true,"href":"https:\/\/www.sinfis.fi\/en\/wp-json\/wp\/v2\/users\/1"}],"replies":[{"embeddable":true,"href":"https:\/\/www.sinfis.fi\/en\/wp-json\/wp\/v2\/comments?post=972"}],"version-history":[{"count":6,"href":"https:\/\/www.sinfis.fi\/en\/wp-json\/wp\/v2\/posts\/972\/revisions"}],"predecessor-version":[{"id":981,"href":"https:\/\/www.sinfis.fi\/en\/wp-json\/wp\/v2\/posts\/972\/revisions\/981"}],"wp:attachment":[{"href":"https:\/\/www.sinfis.fi\/en\/wp-json\/wp\/v2\/media?parent=972"}],"wp:term":[{"taxonomy":"category","embeddable":true,"href":"https:\/\/www.sinfis.fi\/en\/wp-json\/wp\/v2\/categories?post=972"},{"taxonomy":"post_tag","embeddable":true,"href":"https:\/\/www.sinfis.fi\/en\/wp-json\/wp\/v2\/tags?post=972"}],"curies":[{"name":"wp","href":"https:\/\/api.w.org\/{rel}","templated":true}]}}