{"id":372,"date":"2010-02-23T17:50:42","date_gmt":"2010-02-23T15:50:42","guid":{"rendered":"http:\/\/www.sinfis.net\/?p=372"},"modified":"2010-03-06T19:02:01","modified_gmt":"2010-03-06T17:02:01","slug":"paivitetty-harjoitusaikataulu","status":"publish","type":"post","link":"https:\/\/www.sinfis.fi\/en\/2010\/02\/paivitetty-harjoitusaikataulu\/","title":{"rendered":"P\u00e4ivitetty harjoitusaikataulu"},"content":{"rendered":"<p>Huomatkaa sunnuntain muuttunut aika!<br \/>\nsu 28.2. M103<br \/>\nklo 12-15 Kalteva<\/p>\n<p>Maaliskuu<br \/>\n1.3. harjoitus M103<br \/>\nklo 18-21 Kalteva<\/p>\n<p>Harjoitusviikonloppu KOLMIKULMASSA! 6.-7.3.<br \/>\nlauantai<br \/>\nklo 16-19 Kalteva-sarja<br \/>\nsunnuntai<br \/>\nklo 11-17 Kalteva-sarja (Musica \u2013kuoro klo 15-17)<\/p>\n<p>8.3. harjoitus C1<br \/>\nklo 18-20 Kalteva-kenraaliharjoitus<\/p>\n<p>10.3. KONSERTTI P\u00e4\u00e4rakennuksen juhlasali C1<br \/>\nJuhla klo 18-21, orkesteri paikalle klo 16.30.<\/p>\n<p>Osa puhaltajista ei p\u00e4\u00e4se 6.3. paikalle, mutta pid\u00e4mme kuitenkin harjoitukset kaikkien paikalle p\u00e4\u00e4sevien kanssa.<\/p>","protected":false},"excerpt":{"rendered":"<p>Huomatkaa sunnuntain muuttunut aika! su 28.2. M103 klo 12-15 Kalteva Maaliskuu 1.3. harjoitus M103 klo 18-21 Kalteva Harjoitusviikonloppu KOLMIKULMASSA! 6.-7.3. lauantai klo 16-19 Kalteva-sarja sunnuntai klo 11-17 Kalteva-sarja (Musica \u2013kuoro klo 15-17) 8.3. harjoitus C1 klo 18-20 Kalteva-kenraaliharjoitus 10.3. KONSERTTI P\u00e4\u00e4rakennuksen juhlasali C1 Juhla klo 18-21, orkesteri paikalle klo 16.30. Osa puhaltajista ei p\u00e4\u00e4se 6.3. &hellip; <\/p>\n<p class=\"link-more\"><a href=\"https:\/\/www.sinfis.fi\/en\/2010\/02\/paivitetty-harjoitusaikataulu\/\" class=\"more-link\">Continue reading<span class=\"screen-reader-text\"> &#8221;P\u00e4ivitetty harjoitusaikataulu&#8221;<\/span><\/a><\/p>","protected":false},"author":1,"featured_media":0,"comment_status":"open","ping_status":"open","sticky":false,"template":"","format":"standard","meta":{"footnotes":""},"categories":[4],"tags":[],"class_list":["post-372","post","type-post","status-publish","format-standard","hentry","category-kuulumisia"],"_links":{"self":[{"href":"https:\/\/www.sinfis.fi\/en\/wp-json\/wp\/v2\/posts\/372","targetHints":{"allow":["GET"]}}],"collection":[{"href":"https:\/\/www.sinfis.fi\/en\/wp-json\/wp\/v2\/posts"}],"about":[{"href":"https:\/\/www.sinfis.fi\/en\/wp-json\/wp\/v2\/types\/post"}],"author":[{"embeddable":true,"href":"https:\/\/www.sinfis.fi\/en\/wp-json\/wp\/v2\/users\/1"}],"replies":[{"embeddable":true,"href":"https:\/\/www.sinfis.fi\/en\/wp-json\/wp\/v2\/comments?post=372"}],"version-history":[{"count":3,"href":"https:\/\/www.sinfis.fi\/en\/wp-json\/wp\/v2\/posts\/372\/revisions"}],"predecessor-version":[{"id":375,"href":"https:\/\/www.sinfis.fi\/en\/wp-json\/wp\/v2\/posts\/372\/revisions\/375"}],"wp:attachment":[{"href":"https:\/\/www.sinfis.fi\/en\/wp-json\/wp\/v2\/media?parent=372"}],"wp:term":[{"taxonomy":"category","embeddable":true,"href":"https:\/\/www.sinfis.fi\/en\/wp-json\/wp\/v2\/categories?post=372"},{"taxonomy":"post_tag","embeddable":true,"href":"https:\/\/www.sinfis.fi\/en\/wp-json\/wp\/v2\/tags?post=372"}],"curies":[{"name":"wp","href":"https:\/\/api.w.org\/{rel}","templated":true}]}}