{"id":273,"date":"2009-10-19T15:07:49","date_gmt":"2009-10-19T13:07:49","guid":{"rendered":"http:\/\/www.sinfis.net\/?p=273"},"modified":"2009-10-20T10:06:13","modified_gmt":"2009-10-20T08:06:13","slug":"w-a-mozartin-requiem-31-10-taulumaen-kirkossa","status":"publish","type":"post","link":"https:\/\/www.sinfis.fi\/en\/2009\/10\/w-a-mozartin-requiem-31-10-taulumaen-kirkossa\/","title":{"rendered":"W. A. Mozartin Requiem 31.10. Taulum\u00e4en kirkossa"},"content":{"rendered":"<div class=\"mceTemp\">\n<dl id=\"attachment_71\" class=\"wp-caption alignleft\" style=\"width: 222px;\">\n<dt class=\"wp-caption-dt\"><a href=\"http:\/\/www.sinfis.net\/wp-content\/uploads\/2009\/10\/requiem.jpg\"><img loading=\"lazy\" decoding=\"async\" class=\"size-medium wp-image-71\" title=\"Mozartin Requiem 31.10. Taulum\u00e4en kirkossa\" src=\"http:\/\/www.sinfis.net\/wp-content\/uploads\/2009\/10\/requiem.jpg\" alt=\"Mozartin Requiem\" width=\"212\" height=\"300\" \/><\/a><\/dt>\n<\/dl>\n<\/div>\n<p>Esitt\u00e4jin\u00e4 Pohjalaisten Osakuntien Laulajat, Savolaisen Osakunnan<br \/>\nLaulajat ja Jyv\u00e4skyl\u00e4n yliopiston sinfoniaorkesteri<\/p>\n<p>Ilona Jokinen (sopraano)<br \/>\nJeni Packal\u00e9n (altto)<br \/>\nJirimiko Oranen (tenori)<br \/>\nPetri Pussila (basso)<\/p>\n<p>Johtaa Satu Simola<\/p>\n<p>Taulum\u00e4en kirkossa la 31.10.2009 klo 18:00<\/p>\n<p>Liput 15\u20ac \/ 8\u20ac<\/p>\n<p>Seuraavana p\u00e4iv\u00e4n\u00e4 1.11. klo 18 konsertti Helsingiss\u00e4, Johanneksenkirkossa. Liput 20\u20ac \/ 10\u20ac<\/p>\n<p>Pohjalaisten Osakuntien Laulajat sek\u00e4 Savolaisen Osakunnan Laulajat yhdist\u00e4v\u00e4t voimansa Sinfiksen kanssa Pyh\u00e4inp\u00e4iv\u00e4n  viikonlopun konsertissa, jossa kuullaan kuoroteosten klassikko, W. A. Mozartin Requiem kapellimestari Satu Simolan johtamana. Satap\u00e4isen suurkuoron ja orkesterin lis\u00e4ksi lavalle nousevat solistit sopraano  Ilona Jokinen, altto Jeni Packal\u00e9n, tenori Jirimiko Oranen sek\u00e4 basso Petri Pussila.<\/p>\n<p>Requiem j\u00e4i Mozartin viimeiseksi s\u00e4vellysty\u00f6ksi. V\u00e4itet\u00e4\u00e4n, ett\u00e4 kuolemansairas Mozart koki s\u00e4velt\u00e4v\u00e4ns\u00e4 teosta ensisijaisesti itselleen. Mozart ei koskaan ehtinyt saada teosta valmiiksi, vaan se j\u00e4i kesken h\u00e4nen kuoltuaan vuonna 1791. Requiemin saattoi loppuun Mozartin oppilas Franz S\u00fcssmayr Mozartin luonnosten pohjalta. Requiemin kaksitoista osaa kertovat kuolemanpelosta, tuomiop\u00e4iv\u00e4n kauhuista, ihmisen syyllisyydest\u00e4, anteeksiannosta, armosta ja lunastuksesta.<\/p>","protected":false},"excerpt":{"rendered":"<p>Esitt\u00e4jin\u00e4 Pohjalaisten Osakuntien Laulajat, Savolaisen Osakunnan Laulajat ja Jyv\u00e4skyl\u00e4n yliopiston sinfoniaorkesteri Ilona Jokinen (sopraano) Jeni Packal\u00e9n (altto) Jirimiko Oranen (tenori) Petri Pussila (basso) Johtaa Satu Simola Taulum\u00e4en kirkossa la 31.10.2009 klo 18:00 Liput 15\u20ac \/ 8\u20ac Seuraavana p\u00e4iv\u00e4n\u00e4 1.11. klo 18 konsertti Helsingiss\u00e4, Johanneksenkirkossa. Liput 20\u20ac \/ 10\u20ac Pohjalaisten Osakuntien Laulajat sek\u00e4 Savolaisen Osakunnan Laulajat &hellip; <\/p>\n<p class=\"link-more\"><a href=\"https:\/\/www.sinfis.fi\/en\/2009\/10\/w-a-mozartin-requiem-31-10-taulumaen-kirkossa\/\" class=\"more-link\">Continue reading<span class=\"screen-reader-text\"> &#8221;W. A. Mozartin Requiem 31.10. Taulum\u00e4en kirkossa&#8221;<\/span><\/a><\/p>","protected":false},"author":1,"featured_media":0,"comment_status":"open","ping_status":"open","sticky":false,"template":"","format":"standard","meta":{"footnotes":""},"categories":[4],"tags":[],"class_list":["post-273","post","type-post","status-publish","format-standard","hentry","category-kuulumisia"],"_links":{"self":[{"href":"https:\/\/www.sinfis.fi\/en\/wp-json\/wp\/v2\/posts\/273","targetHints":{"allow":["GET"]}}],"collection":[{"href":"https:\/\/www.sinfis.fi\/en\/wp-json\/wp\/v2\/posts"}],"about":[{"href":"https:\/\/www.sinfis.fi\/en\/wp-json\/wp\/v2\/types\/post"}],"author":[{"embeddable":true,"href":"https:\/\/www.sinfis.fi\/en\/wp-json\/wp\/v2\/users\/1"}],"replies":[{"embeddable":true,"href":"https:\/\/www.sinfis.fi\/en\/wp-json\/wp\/v2\/comments?post=273"}],"version-history":[{"count":14,"href":"https:\/\/www.sinfis.fi\/en\/wp-json\/wp\/v2\/posts\/273\/revisions"}],"predecessor-version":[{"id":287,"href":"https:\/\/www.sinfis.fi\/en\/wp-json\/wp\/v2\/posts\/273\/revisions\/287"}],"wp:attachment":[{"href":"https:\/\/www.sinfis.fi\/en\/wp-json\/wp\/v2\/media?parent=273"}],"wp:term":[{"taxonomy":"category","embeddable":true,"href":"https:\/\/www.sinfis.fi\/en\/wp-json\/wp\/v2\/categories?post=273"},{"taxonomy":"post_tag","embeddable":true,"href":"https:\/\/www.sinfis.fi\/en\/wp-json\/wp\/v2\/tags?post=273"}],"curies":[{"name":"wp","href":"https:\/\/api.w.org\/{rel}","templated":true}]}}