{"id":258,"date":"2009-09-09T09:28:35","date_gmt":"2009-09-09T07:28:35","guid":{"rendered":"http:\/\/www.sinfis.net\/?p=258"},"modified":"2009-09-09T09:28:35","modified_gmt":"2009-09-09T07:28:35","slug":"lastenkonsertin-harjoitukset-alkavat-21-9","status":"publish","type":"post","link":"https:\/\/www.sinfis.fi\/en\/2009\/09\/lastenkonsertin-harjoitukset-alkavat-21-9\/","title":{"rendered":"Lastenkonsertin harjoitukset alkavat 21.9."},"content":{"rendered":"<p>Sinfiksen syksyn toisen projektin, satuteemaisen lastenkonsertin harjoitukset alkavat ma 21.9. ja jatkuvat siit\u00e4 tuttuun tapaan aina maanantaisin klo 18-21 M103:ssa. Kapuna on Tiiu Tuominen ja ohjelmistossa tulee olemaan mm. Maurice Ravelin musiikkia. Konsertti on su 29.11. M103:ssa ja sit\u00e4 ennen harjoitellaan my\u00f6s la 28.11 ja tarvittaessa 21.-22.11.<\/p>\n<p>My\u00f6s uudet soittajat ovat tervetulleita!<\/p>","protected":false},"excerpt":{"rendered":"<p>Sinfiksen syksyn toisen projektin, satuteemaisen lastenkonsertin harjoitukset alkavat ma 21.9. ja jatkuvat siit\u00e4 tuttuun tapaan aina maanantaisin klo 18-21 M103:ssa. Kapuna on Tiiu Tuominen ja ohjelmistossa tulee olemaan mm. Maurice Ravelin musiikkia. Konsertti on su 29.11. M103:ssa ja sit\u00e4 ennen harjoitellaan my\u00f6s la 28.11 ja tarvittaessa 21.-22.11. My\u00f6s uudet soittajat ovat tervetulleita!<\/p>","protected":false},"author":1,"featured_media":0,"comment_status":"open","ping_status":"open","sticky":false,"template":"","format":"standard","meta":{"footnotes":""},"categories":[4],"tags":[],"class_list":["post-258","post","type-post","status-publish","format-standard","hentry","category-kuulumisia"],"_links":{"self":[{"href":"https:\/\/www.sinfis.fi\/en\/wp-json\/wp\/v2\/posts\/258","targetHints":{"allow":["GET"]}}],"collection":[{"href":"https:\/\/www.sinfis.fi\/en\/wp-json\/wp\/v2\/posts"}],"about":[{"href":"https:\/\/www.sinfis.fi\/en\/wp-json\/wp\/v2\/types\/post"}],"author":[{"embeddable":true,"href":"https:\/\/www.sinfis.fi\/en\/wp-json\/wp\/v2\/users\/1"}],"replies":[{"embeddable":true,"href":"https:\/\/www.sinfis.fi\/en\/wp-json\/wp\/v2\/comments?post=258"}],"version-history":[{"count":3,"href":"https:\/\/www.sinfis.fi\/en\/wp-json\/wp\/v2\/posts\/258\/revisions"}],"predecessor-version":[{"id":261,"href":"https:\/\/www.sinfis.fi\/en\/wp-json\/wp\/v2\/posts\/258\/revisions\/261"}],"wp:attachment":[{"href":"https:\/\/www.sinfis.fi\/en\/wp-json\/wp\/v2\/media?parent=258"}],"wp:term":[{"taxonomy":"category","embeddable":true,"href":"https:\/\/www.sinfis.fi\/en\/wp-json\/wp\/v2\/categories?post=258"},{"taxonomy":"post_tag","embeddable":true,"href":"https:\/\/www.sinfis.fi\/en\/wp-json\/wp\/v2\/tags?post=258"}],"curies":[{"name":"wp","href":"https:\/\/api.w.org\/{rel}","templated":true}]}}