{"id":1907,"date":"2025-01-08T11:40:29","date_gmt":"2025-01-08T09:40:29","guid":{"rendered":"https:\/\/www.sinfis.fi\/?p=1907"},"modified":"2025-01-08T11:40:29","modified_gmt":"2025-01-08T09:40:29","slug":"sinfiksen-kausi-alkaa-sinfis-season-is-starting-2","status":"publish","type":"post","link":"https:\/\/www.sinfis.fi\/en\/2025\/01\/sinfiksen-kausi-alkaa-sinfis-season-is-starting-2\/","title":{"rendered":"Sinfiksen kausi alkaa! \/ Sinfis season is starting!"},"content":{"rendered":"<p>Sinfiksen kev\u00e4tkausi alkaa tuttuun tapaan salissa M103 maanantaina 13.1. klo 17. <\/p>\n\n\n\n<p>Kapellimestareina toimivat Mari Karppinen ja Riku Miettunen. Kev\u00e4\u00e4ll\u00e4 t\u00e4ht\u00e4\u00e4mme kapellimestarikurssiin ja konserttiin, jotka j\u00e4rjestet\u00e4\u00e4n yhteisty\u00f6ss\u00e4 Wurzburgin musiikkiyliopiston kanssa.<\/p>\n\n\n\n<p>Ohjelmisto: <\/p>\n\n\n\n<p>Beethoven &#8211; <em>ensimm\u00e4inen sinfonia <\/em><\/p>\n\n\n\n<p>Ravel &#8211; <em>Ma m\u00e8re l&#8217;Oye<\/em><\/p>\n\n\n\n<p>Sibelius &#8211; <em>Vapautettu Kuningatar <\/em><\/p>\n\n\n\n<p>Tsaikovski &#8211; <em>P\u00e4hkin\u00e4ns\u00e4rkij\u00e4 suite <\/em><\/p>\n\n\n\n<p>L\u00e4mpim\u00e4sti tervetuloa mukaan soittamaan! <\/p>\n\n\n\n<hr class=\"wp-block-separator has-alpha-channel-opacity\"\/>\n\n\n\n<p>Spring season of Sinfis is starting in hall M103 on Monday 13.1. at 5 pm. <\/p>\n\n\n\n<p>Our conductors for the season are Mari Karppinen and Riku Miettunen. This spring we are aiming for a conductor course and concert, which are organized with the music university of Wurzburg. <\/p>\n\n\n\n<p>Program: <\/p>\n\n\n\n<p>Beethoven &#8211; <em>first symphony<\/em><\/p>\n\n\n\n<p>Ravel &#8211; <em>Ma m\u00e8re l&#8217;Oye<\/em><\/p>\n\n\n\n<p>Sibelius &#8211; <em>Captive Queen<\/em><\/p>\n\n\n\n<p>Tchaikovsky &#8211; <em>Nutcracker suite<\/em><\/p>\n\n\n\n<p>We warmly welcome new and old players! <em> <\/em><\/p>","protected":false},"excerpt":{"rendered":"<p>Sinfiksen kev\u00e4tkausi alkaa tuttuun tapaan salissa M103 maanantaina 13.1. klo 17. Kapellimestareina toimivat Mari Karppinen ja Riku Miettunen. Kev\u00e4\u00e4ll\u00e4 t\u00e4ht\u00e4\u00e4mme kapellimestarikurssiin ja konserttiin, jotka j\u00e4rjestet\u00e4\u00e4n yhteisty\u00f6ss\u00e4 Wurzburgin musiikkiyliopiston kanssa. Ohjelmisto: Beethoven &#8211; ensimm\u00e4inen sinfonia Ravel &#8211; Ma m\u00e8re l&#8217;Oye Sibelius &#8211; Vapautettu Kuningatar Tsaikovski &#8211; P\u00e4hkin\u00e4ns\u00e4rkij\u00e4 suite L\u00e4mpim\u00e4sti tervetuloa mukaan soittamaan! Spring season of Sinfis &hellip; <\/p>\n<p class=\"link-more\"><a href=\"https:\/\/www.sinfis.fi\/en\/2025\/01\/sinfiksen-kausi-alkaa-sinfis-season-is-starting-2\/\" class=\"more-link\">Continue reading<span class=\"screen-reader-text\"> &#8221;Sinfiksen kausi alkaa! \/ Sinfis season is starting!&#8221;<\/span><\/a><\/p>","protected":false},"author":1,"featured_media":0,"comment_status":"closed","ping_status":"open","sticky":false,"template":"","format":"standard","meta":{"footnotes":""},"categories":[13],"tags":[],"class_list":["post-1907","post","type-post","status-publish","format-standard","hentry","category-yleinen-fi"],"_links":{"self":[{"href":"https:\/\/www.sinfis.fi\/en\/wp-json\/wp\/v2\/posts\/1907","targetHints":{"allow":["GET"]}}],"collection":[{"href":"https:\/\/www.sinfis.fi\/en\/wp-json\/wp\/v2\/posts"}],"about":[{"href":"https:\/\/www.sinfis.fi\/en\/wp-json\/wp\/v2\/types\/post"}],"author":[{"embeddable":true,"href":"https:\/\/www.sinfis.fi\/en\/wp-json\/wp\/v2\/users\/1"}],"replies":[{"embeddable":true,"href":"https:\/\/www.sinfis.fi\/en\/wp-json\/wp\/v2\/comments?post=1907"}],"version-history":[{"count":1,"href":"https:\/\/www.sinfis.fi\/en\/wp-json\/wp\/v2\/posts\/1907\/revisions"}],"predecessor-version":[{"id":1908,"href":"https:\/\/www.sinfis.fi\/en\/wp-json\/wp\/v2\/posts\/1907\/revisions\/1908"}],"wp:attachment":[{"href":"https:\/\/www.sinfis.fi\/en\/wp-json\/wp\/v2\/media?parent=1907"}],"wp:term":[{"taxonomy":"category","embeddable":true,"href":"https:\/\/www.sinfis.fi\/en\/wp-json\/wp\/v2\/categories?post=1907"},{"taxonomy":"post_tag","embeddable":true,"href":"https:\/\/www.sinfis.fi\/en\/wp-json\/wp\/v2\/tags?post=1907"}],"curies":[{"name":"wp","href":"https:\/\/api.w.org\/{rel}","templated":true}]}}