{"id":1848,"date":"2023-08-22T18:43:54","date_gmt":"2023-08-22T16:43:54","guid":{"rendered":"https:\/\/www.sinfis.fi\/?p=1848"},"modified":"2023-08-22T19:18:21","modified_gmt":"2023-08-22T17:18:21","slug":"syyskausi-2023-alkaa","status":"publish","type":"post","link":"https:\/\/www.sinfis.fi\/en\/2023\/08\/syyskausi-2023-alkaa\/","title":{"rendered":"Fall semester 2023 is starting!"},"content":{"rendered":"<p>Summer has ended and a new semester is starting. During the summer the orchestra has had some private event gigs with a small ensemble. <\/p>\n\n\n\n<p>In the summer we have also started on preparing for the fall. This year is the 30th anniversary of Sinfis, for which a grand concert is held on 25.11. in the university main building. Other celebrations are also being planned.<\/p>\n\n\n\n<p>However, before the festivities Sinfis has <a href=\"https:\/\/www.jyu.fi\/en\/academic-events\/opening-festivities\/jyunityfest_main\">a concert<\/a> with university wind band Puhkupillit. The concert is on 7.9. at 19:15, and is a part of JYUnityfest. <\/p>\n\n\n\n<p>The rehearsal of the ochestra is on Mondays at 17:00 in hall M103 of music deparment (Musica-building). We hope for lots of new players, irregardless of instrument. <\/p>\n\n\n\n<p>We welcome you all to a music-filled fall!<\/p>\n\n\n\n<p><\/p>","protected":false},"excerpt":{"rendered":"<p>Kes\u00e4n paahteesta on selvitty ja uusi lukuvuosi on ovella. Kes\u00e4kaudella orkesteri on keikkaillut ahkerasti. Kes\u00e4kauden avaus soitettiin h\u00e4iss\u00e4 ja p\u00e4\u00e4t\u00f6s korkeakoulututkimuksen symposiumissa Ruusupuistossa. Kes\u00e4ll\u00e4 on edistetty aktiivisesti syksyn suunnitelmia; syyskaudella juhlimme orkesterin 30-vuotista taivalta juhlakonsertissa 25.11. yliopiston p\u00e4\u00e4rakennuksella. Kaudella on luvassa my\u00f6s muuta juhlavuoden luonteeseen sopivaa tapahtumaa ja kunnianhimoinen ohjelmisto. Kuitenkin ennen juhlallisuuksia orkesterin lukuvuoden &hellip; <\/p>\n<p class=\"link-more\"><a href=\"https:\/\/www.sinfis.fi\/en\/2023\/08\/syyskausi-2023-alkaa\/\" class=\"more-link\">Continue reading<span class=\"screen-reader-text\"> &#8221;Syyskausi 2023 alkaa!&#8221;<\/span><\/a><\/p>","protected":false},"author":1,"featured_media":0,"comment_status":"closed","ping_status":"open","sticky":false,"template":"","format":"standard","meta":{"footnotes":""},"categories":[13],"tags":[],"class_list":["post-1848","post","type-post","status-publish","format-standard","hentry","category-yleinen-fi"],"_links":{"self":[{"href":"https:\/\/www.sinfis.fi\/en\/wp-json\/wp\/v2\/posts\/1848","targetHints":{"allow":["GET"]}}],"collection":[{"href":"https:\/\/www.sinfis.fi\/en\/wp-json\/wp\/v2\/posts"}],"about":[{"href":"https:\/\/www.sinfis.fi\/en\/wp-json\/wp\/v2\/types\/post"}],"author":[{"embeddable":true,"href":"https:\/\/www.sinfis.fi\/en\/wp-json\/wp\/v2\/users\/1"}],"replies":[{"embeddable":true,"href":"https:\/\/www.sinfis.fi\/en\/wp-json\/wp\/v2\/comments?post=1848"}],"version-history":[{"count":3,"href":"https:\/\/www.sinfis.fi\/en\/wp-json\/wp\/v2\/posts\/1848\/revisions"}],"predecessor-version":[{"id":1851,"href":"https:\/\/www.sinfis.fi\/en\/wp-json\/wp\/v2\/posts\/1848\/revisions\/1851"}],"wp:attachment":[{"href":"https:\/\/www.sinfis.fi\/en\/wp-json\/wp\/v2\/media?parent=1848"}],"wp:term":[{"taxonomy":"category","embeddable":true,"href":"https:\/\/www.sinfis.fi\/en\/wp-json\/wp\/v2\/categories?post=1848"},{"taxonomy":"post_tag","embeddable":true,"href":"https:\/\/www.sinfis.fi\/en\/wp-json\/wp\/v2\/tags?post=1848"}],"curies":[{"name":"wp","href":"https:\/\/api.w.org\/{rel}","templated":true}]}}