{"id":1217,"date":"2019-02-27T17:04:35","date_gmt":"2019-02-27T15:04:35","guid":{"rendered":"http:\/\/www.sinfis.net\/?p=1217"},"modified":"2019-02-27T17:04:35","modified_gmt":"2019-02-27T15:04:35","slug":"sinfis-beethoven-hylkila","status":"publish","type":"post","link":"https:\/\/www.sinfis.fi\/en\/2019\/02\/sinfis-beethoven-hylkila\/","title":{"rendered":"Sinfis: Beethoven, Hylkil\u00e4"},"content":{"rendered":"<p>Jyv\u00e4skyl\u00e4n yliopiston sinfoniaorkesteri Sinfis soittaa kev\u00e4tkonsertissaan upean, mukaansa tempaavista rytmeist\u00e4\u00e4n tunnetun Ludwig van Beethovenin seitsem\u00e4nnen sinfonian.<br \/>\nKonsertissa kuullaan my\u00f6s valikoitu kattaus Sinfiksess\u00e4 itsekin soittaneen s\u00e4velt\u00e4j\u00e4 Ilari Hylkil\u00e4n teoksia. S\u00e4vellykset kuljettavat kuulijansa taianomaisiin maailmoihin aina tanssiaisista satuihin.<br \/>\nTervetuloa!<\/p>\n<p>Sinfis: Beethoven, Hylkil\u00e4<\/p>\n<p>Kuokkalan kirkko 29.3.2019 klo 19:00<\/p>\n<p>Kapellimestarina Mari Karppinen<\/p>\n<p>Ludwig van Beethoven: sinfonia nro 7 A-duuri, op. 92<br \/>\nIlari Hylkil\u00e4: Waltz<br \/>\nIlari Hylkil\u00e4: Saga<br \/>\nIlari Hylkil\u00e4: Metalfare<br \/>\nIlari Hylkil\u00e4: Yet<br \/>\nIlari Hylkil\u00e4: Taiga<br \/>\nIlari Hylkil\u00e4: Taikamatka, osa 2<\/p>\n<p>15 \/ 8 \u20ac (alle kouluik\u00e4isille vapaa p\u00e4\u00e4sy)<\/p>\n<p><img loading=\"lazy\" decoding=\"async\" class=\"aligncenter size-full wp-image-1219\" src=\"http:\/\/www.sinfis.net\/wp-content\/uploads\/2019\/02\/sinfgi.png\" alt=\"sinfgi\" width=\"557\" height=\"785\" srcset=\"https:\/\/www.sinfis.fi\/wp-content\/uploads\/2019\/02\/sinfgi.png 557w, https:\/\/www.sinfis.fi\/wp-content\/uploads\/2019\/02\/sinfgi-213x300.png 213w\" sizes=\"auto, (max-width: 557px) 100vw, 557px\" \/><\/p>\n<p>Tapahtumakuvan ja julisteen suunnittelu: Emilia Mensalo<\/p>","protected":false},"excerpt":{"rendered":"<p>Jyv\u00e4skyl\u00e4n yliopiston sinfoniaorkesteri Sinfis soittaa kev\u00e4tkonsertissaan upean, mukaansa tempaavista rytmeist\u00e4\u00e4n tunnetun Ludwig van Beethovenin seitsem\u00e4nnen sinfonian. Konsertissa kuullaan my\u00f6s valikoitu kattaus Sinfiksess\u00e4 itsekin soittaneen s\u00e4velt\u00e4j\u00e4 Ilari Hylkil\u00e4n teoksia. S\u00e4vellykset kuljettavat kuulijansa taianomaisiin maailmoihin aina tanssiaisista satuihin. Tervetuloa! Sinfis: Beethoven, Hylkil\u00e4 Kuokkalan kirkko 29.3.2019 klo 19:00 Kapellimestarina Mari Karppinen Ludwig van Beethoven: sinfonia nro 7 A-duuri, &hellip; <\/p>\n<p class=\"link-more\"><a href=\"https:\/\/www.sinfis.fi\/en\/2019\/02\/sinfis-beethoven-hylkila\/\" class=\"more-link\">Continue reading<span class=\"screen-reader-text\"> &#8221;Sinfis: Beethoven, Hylkil\u00e4&#8221;<\/span><\/a><\/p>","protected":false},"author":1,"featured_media":0,"comment_status":"open","ping_status":"open","sticky":false,"template":"","format":"standard","meta":{"footnotes":""},"categories":[4],"tags":[],"class_list":["post-1217","post","type-post","status-publish","format-standard","hentry","category-kuulumisia"],"_links":{"self":[{"href":"https:\/\/www.sinfis.fi\/en\/wp-json\/wp\/v2\/posts\/1217","targetHints":{"allow":["GET"]}}],"collection":[{"href":"https:\/\/www.sinfis.fi\/en\/wp-json\/wp\/v2\/posts"}],"about":[{"href":"https:\/\/www.sinfis.fi\/en\/wp-json\/wp\/v2\/types\/post"}],"author":[{"embeddable":true,"href":"https:\/\/www.sinfis.fi\/en\/wp-json\/wp\/v2\/users\/1"}],"replies":[{"embeddable":true,"href":"https:\/\/www.sinfis.fi\/en\/wp-json\/wp\/v2\/comments?post=1217"}],"version-history":[{"count":1,"href":"https:\/\/www.sinfis.fi\/en\/wp-json\/wp\/v2\/posts\/1217\/revisions"}],"predecessor-version":[{"id":1220,"href":"https:\/\/www.sinfis.fi\/en\/wp-json\/wp\/v2\/posts\/1217\/revisions\/1220"}],"wp:attachment":[{"href":"https:\/\/www.sinfis.fi\/en\/wp-json\/wp\/v2\/media?parent=1217"}],"wp:term":[{"taxonomy":"category","embeddable":true,"href":"https:\/\/www.sinfis.fi\/en\/wp-json\/wp\/v2\/categories?post=1217"},{"taxonomy":"post_tag","embeddable":true,"href":"https:\/\/www.sinfis.fi\/en\/wp-json\/wp\/v2\/tags?post=1217"}],"curies":[{"name":"wp","href":"https:\/\/api.w.org\/{rel}","templated":true}]}}