{"id":1213,"date":"2019-01-31T15:18:16","date_gmt":"2019-01-31T13:18:16","guid":{"rendered":"http:\/\/www.sinfis.net\/?p=1213"},"modified":"2019-01-31T15:18:16","modified_gmt":"2019-01-31T13:18:16","slug":"kevatkonsertti-lahenee","status":"publish","type":"post","link":"https:\/\/www.sinfis.fi\/en\/2019\/01\/kevatkonsertti-lahenee\/","title":{"rendered":"Kev\u00e4tkonsertti l\u00e4henee"},"content":{"rendered":"<p>Sinfiksen kev\u00e4tkausi on jo t\u00e4ydess\u00e4 vauhdissa ja konsertti soitetaan 29. maaliskuuta Kuokkalan kirkossa. Konsertissa kuullaan Beethovenin seitsem\u00e4s sinfonia sek\u00e4 valikoitu kattaus Ilari Hylkil\u00e4n s\u00e4vellyksi\u00e4.<\/p>\n<p>Uudet soittajat ovat edelleen l\u00e4mpim\u00e4sti tervetulleita! Harjoittelemme tuttuun tapaan Musica-rakennuksen M103-salissa maanantaisin klo 17-20. Lis\u00e4ksi pid\u00e4mme ennen konserttia kaksi harjoitusviikonloppua 9.-10.2. sek\u00e4 23.-24.3.<\/p>\n<p>Kev\u00e4t jatkuu konsertin j\u00e4lkeen Jyv\u00e4skyl\u00e4n yliopiston promootioon valmistautumisella.<\/p>\n<p>Welcome to the concert!<\/p>","protected":false},"excerpt":{"rendered":"<p>Sinfiksen kev\u00e4tkausi on jo t\u00e4ydess\u00e4 vauhdissa ja konsertti soitetaan 29. maaliskuuta Kuokkalan kirkossa. Konsertissa kuullaan Beethovenin seitsem\u00e4s sinfonia sek\u00e4 valikoitu kattaus Ilari Hylkil\u00e4n s\u00e4vellyksi\u00e4. Uudet soittajat ovat edelleen l\u00e4mpim\u00e4sti tervetulleita! Harjoittelemme tuttuun tapaan Musica-rakennuksen M103-salissa maanantaisin klo 17-20. Lis\u00e4ksi pid\u00e4mme ennen konserttia kaksi harjoitusviikonloppua 9.-10.2. sek\u00e4 23.-24.3. Kev\u00e4t jatkuu konsertin j\u00e4lkeen Jyv\u00e4skyl\u00e4n yliopiston promootioon valmistautumisella. &hellip; <\/p>\n<p class=\"link-more\"><a href=\"https:\/\/www.sinfis.fi\/en\/2019\/01\/kevatkonsertti-lahenee\/\" class=\"more-link\">Continue reading<span class=\"screen-reader-text\"> &#8221;Kev\u00e4tkonsertti l\u00e4henee&#8221;<\/span><\/a><\/p>","protected":false},"author":1,"featured_media":0,"comment_status":"open","ping_status":"open","sticky":false,"template":"","format":"standard","meta":{"footnotes":""},"categories":[4],"tags":[],"class_list":["post-1213","post","type-post","status-publish","format-standard","hentry","category-kuulumisia"],"_links":{"self":[{"href":"https:\/\/www.sinfis.fi\/en\/wp-json\/wp\/v2\/posts\/1213","targetHints":{"allow":["GET"]}}],"collection":[{"href":"https:\/\/www.sinfis.fi\/en\/wp-json\/wp\/v2\/posts"}],"about":[{"href":"https:\/\/www.sinfis.fi\/en\/wp-json\/wp\/v2\/types\/post"}],"author":[{"embeddable":true,"href":"https:\/\/www.sinfis.fi\/en\/wp-json\/wp\/v2\/users\/1"}],"replies":[{"embeddable":true,"href":"https:\/\/www.sinfis.fi\/en\/wp-json\/wp\/v2\/comments?post=1213"}],"version-history":[{"count":1,"href":"https:\/\/www.sinfis.fi\/en\/wp-json\/wp\/v2\/posts\/1213\/revisions"}],"predecessor-version":[{"id":1214,"href":"https:\/\/www.sinfis.fi\/en\/wp-json\/wp\/v2\/posts\/1213\/revisions\/1214"}],"wp:attachment":[{"href":"https:\/\/www.sinfis.fi\/en\/wp-json\/wp\/v2\/media?parent=1213"}],"wp:term":[{"taxonomy":"category","embeddable":true,"href":"https:\/\/www.sinfis.fi\/en\/wp-json\/wp\/v2\/categories?post=1213"},{"taxonomy":"post_tag","embeddable":true,"href":"https:\/\/www.sinfis.fi\/en\/wp-json\/wp\/v2\/tags?post=1213"}],"curies":[{"name":"wp","href":"https:\/\/api.w.org\/{rel}","templated":true}]}}