{"id":1203,"date":"2018-10-31T20:03:58","date_gmt":"2018-10-31T18:03:58","guid":{"rendered":"http:\/\/www.sinfis.net\/?p=1203"},"modified":"2018-10-31T20:03:58","modified_gmt":"2018-10-31T18:03:58","slug":"festivo-ma-non-troppo-sinfis-25-vuotta-konsertti","status":"publish","type":"post","link":"https:\/\/www.sinfis.fi\/en\/2018\/10\/festivo-ma-non-troppo-sinfis-25-vuotta-konsertti\/","title":{"rendered":"Festivo! ma non troppo \/ Sinfis 25 vuotta -konsertti"},"content":{"rendered":"<p>Sinfis soittaa Kuokkalan kirkossa lauantaina 17.11 klo 18 konsertin ja juhlistaa samalla 25-vuotista taivaltaan. Konsertissa kuullaan Anton\u00edn Dvo\u0159\u00e1kin lyyrinen, b\u00f6\u00f6mil\u00e4isest\u00e4 kansanmusiikista vaikutteita saanut kahdeksas sinfonia sek\u00e4 Edvard Griegin pianokonsertto. Pianokonserton solistina soittaa lahjakas nuori pianisti Lauri Forst\u00e9n. Orkesteria johtaa kapellimestari Mari Karppinen. Konsertin nimi, Festivo! Ma non troppo, antaa vihjeen orkesterin juhlavuodesta, mutta on samalla leikkis\u00e4 muistutus siit\u00e4, ett\u00e4 &#8221;py\u00f6re\u00e4t vuodet&#8221; ovat viel\u00e4 edess\u00e4 p\u00e4in! Nimen vapaa suomennos kuuluu: Juhlallisesti! Muttei liian. Tervetuloa!<\/p>\n<p>Festivo! Ma non troppo \/ Sinfis 25 vuotta -konsertti<\/p>\n<p>Kuokkalan kirkko 17.11.2018 klo 18:00<\/p>\n<p>Solistina Lauri Forst\u00e9n<\/p>\n<p>Kapellimestarina Mari Karppinen<\/p>\n<p>Edvard Grieg: Pianokonsertto a-molli<br \/>\nAnton\u00edn Dvo\u0159\u00e1k: Sinfonia nro. 8 G-duuri<\/p>\n<p>13 \/ 8 \u20ac (alle kouluik\u00e4isille vapaa p\u00e4\u00e4sy)<br \/>\n<img loading=\"lazy\" decoding=\"async\" class=\"aligncenter size-full wp-image-1206\" src=\"http:\/\/www.sinfis.net\/wp-content\/uploads\/2018\/10\/Festivo_manontroppo-013.jpg\" alt=\"Festivo_manontroppo-013\" width=\"1683\" height=\"2375\" srcset=\"https:\/\/www.sinfis.fi\/wp-content\/uploads\/2018\/10\/Festivo_manontroppo-013.jpg 1683w, https:\/\/www.sinfis.fi\/wp-content\/uploads\/2018\/10\/Festivo_manontroppo-013-213x300.jpg 213w, https:\/\/www.sinfis.fi\/wp-content\/uploads\/2018\/10\/Festivo_manontroppo-013-768x1084.jpg 768w, https:\/\/www.sinfis.fi\/wp-content\/uploads\/2018\/10\/Festivo_manontroppo-013-726x1024.jpg 726w\" sizes=\"auto, (max-width: 767px) 89vw, (max-width: 1000px) 54vw, (max-width: 1071px) 543px, 580px\" \/><\/p>\n<p>Juliste: Emilia Mensalo<\/p>","protected":false},"excerpt":{"rendered":"<p>Sinfis soittaa Kuokkalan kirkossa lauantaina 17.11 klo 18 konsertin ja juhlistaa samalla 25-vuotista taivaltaan. Konsertissa kuullaan Anton\u00edn Dvo\u0159\u00e1kin lyyrinen, b\u00f6\u00f6mil\u00e4isest\u00e4 kansanmusiikista vaikutteita saanut kahdeksas sinfonia sek\u00e4 Edvard Griegin pianokonsertto. Pianokonserton solistina soittaa lahjakas nuori pianisti Lauri Forst\u00e9n. Orkesteria johtaa kapellimestari Mari Karppinen. Konsertin nimi, Festivo! Ma non troppo, antaa vihjeen orkesterin juhlavuodesta, mutta on samalla &hellip; <\/p>\n<p class=\"link-more\"><a href=\"https:\/\/www.sinfis.fi\/en\/2018\/10\/festivo-ma-non-troppo-sinfis-25-vuotta-konsertti\/\" class=\"more-link\">Continue reading<span class=\"screen-reader-text\"> &#8221;Festivo! ma non troppo \/ Sinfis 25 vuotta -konsertti&#8221;<\/span><\/a><\/p>","protected":false},"author":1,"featured_media":0,"comment_status":"open","ping_status":"open","sticky":false,"template":"","format":"standard","meta":{"footnotes":""},"categories":[4],"tags":[],"class_list":["post-1203","post","type-post","status-publish","format-standard","hentry","category-kuulumisia"],"_links":{"self":[{"href":"https:\/\/www.sinfis.fi\/en\/wp-json\/wp\/v2\/posts\/1203","targetHints":{"allow":["GET"]}}],"collection":[{"href":"https:\/\/www.sinfis.fi\/en\/wp-json\/wp\/v2\/posts"}],"about":[{"href":"https:\/\/www.sinfis.fi\/en\/wp-json\/wp\/v2\/types\/post"}],"author":[{"embeddable":true,"href":"https:\/\/www.sinfis.fi\/en\/wp-json\/wp\/v2\/users\/1"}],"replies":[{"embeddable":true,"href":"https:\/\/www.sinfis.fi\/en\/wp-json\/wp\/v2\/comments?post=1203"}],"version-history":[{"count":2,"href":"https:\/\/www.sinfis.fi\/en\/wp-json\/wp\/v2\/posts\/1203\/revisions"}],"predecessor-version":[{"id":1207,"href":"https:\/\/www.sinfis.fi\/en\/wp-json\/wp\/v2\/posts\/1203\/revisions\/1207"}],"wp:attachment":[{"href":"https:\/\/www.sinfis.fi\/en\/wp-json\/wp\/v2\/media?parent=1203"}],"wp:term":[{"taxonomy":"category","embeddable":true,"href":"https:\/\/www.sinfis.fi\/en\/wp-json\/wp\/v2\/categories?post=1203"},{"taxonomy":"post_tag","embeddable":true,"href":"https:\/\/www.sinfis.fi\/en\/wp-json\/wp\/v2\/tags?post=1203"}],"curies":[{"name":"wp","href":"https:\/\/api.w.org\/{rel}","templated":true}]}}