{"id":1104,"date":"2017-04-02T00:02:56","date_gmt":"2017-04-01T22:02:56","guid":{"rendered":"http:\/\/www.sinfis.net\/?p=1104"},"modified":"2017-04-10T15:06:58","modified_gmt":"2017-04-10T13:06:58","slug":"sinfonia-vuosisadan-takaa","status":"publish","type":"post","link":"https:\/\/www.sinfis.fi\/en\/2017\/04\/sinfonia-vuosisadan-takaa\/","title":{"rendered":"Sinfonia vuosisadan takaa"},"content":{"rendered":"<p style=\"text-align: left;\"><img loading=\"lazy\" decoding=\"async\" class=\"wp-image-1105 alignleft\" src=\"http:\/\/www.sinfis.net\/wp-content\/uploads\/2017\/04\/Juliste2-212x300.jpg\" alt=\"Juliste2\" width=\"215\" height=\"298\" \/>Toukokuussa on tiedossa niin mahtipontisia, sointuvia kuin surumielisi\u00e4kin s\u00e4veli\u00e4, kun Sinfis juhlistaa Suomen\u00a0 100-vuotisjuhlavuotta soittamalla sinfonian vuosisadan takaa.<\/p>\n<p style=\"text-align: left;\">Konsertin keski\u00f6ss\u00e4 on Suomen itsen\u00e4istymisen aikoihin valmistunut Leevi Madetojan 2. Sinfonia. Lis\u00e4ksi soitamme kaksi lyhyemp\u00e4\u00e4 teosta viululle ja orkesterille.<\/p>\n<p style=\"text-align: left;\">Solistiksemme tulee Elisar Riddelin, Sibelius-Akatemiassa viulunsoittoa opiskeleva musiikin monitaituri. Konsertti on <span class=\"st\">osa Suomen itsen\u00e4isyyden satavuotisjuhlavuoden ohjelmaa. Orkesteria johtaa Eveliina Aijasaho. <\/span>Tervetuloa!<\/p>\n<p><strong>Program:<\/strong><br \/>\nJean Sibelius: Op. 69, Nro 2: Serenadi g-mollissa<br \/>\nPjotr T\u0161aikovski: Op. 26: Melankolinen serenadi<br \/>\nLeevi Madetoja: 2.Sinfonia<\/p>\n<p><strong>Konsertti pidet\u00e4\u00e4n tiistaina 9.5. klo 19.00 Kuokkalan kirkossa.<\/strong><br \/>\nKonsertin arvioitu kesto on 75 minuuttia.<\/p>\n<p><strong>Liput: 6\u20ac\/12\u20ac<\/strong> (alennettu hinta: alle 12-vuotiaat lapset, opiskelijat, ty\u00f6tt\u00f6m\u00e4t, el\u00e4kel\u00e4iset). Alle kouluik\u00e4isille lapsille on vapaa p\u00e4\u00e4sy.<br \/>\nMaksutapana paikanp\u00e4\u00e4ll\u00e4 k\u00e4y ainoastaan k\u00e4teinen.<br \/>\nKonserttilipun voit varata tai ostaa my\u00f6s ennakkoon. Ennakkoon varattu lippu tulee lunastaa paikan p\u00e4\u00e4ll\u00e4 nime\u00e4 vastaan viim. 20 min ennen konsertin alkua.<br \/>\nTee varauksesi osoitteeseen sinfis.jyu@gmail.com. Kerro viestiss\u00e4 kuinka monta lippua haluat ja mill\u00e4 nimell\u00e4 haluat liput, jos haluat maksaa liput verkkopankissa mainitse siit\u00e4 erikseen viestiss\u00e4, jolloin saat tarkemmat maksuohjeet. Vahvistusviesti tulee muutaman p\u00e4iv\u00e4n kuluessa.<\/p>\n<p>Linkki Facebook-tapahtumaan:\u00a0<a href=\"https:\/\/www.facebook.com\/events\/392391564479446\/\" target=\"_blank\">https:\/\/www.facebook.com\/events\/392391564479446\/ <\/a><br \/>\nLinkki tapahtumakuvaukseen Suomi 100-sivustolla: <a href=\"http:\/\/suomifinland100.fi\/project\/sinfonia-vuosisadan-takaa\/\" target=\"_blank\">http:\/\/suomifinland100.fi\/project\/sinfonia-vuosisadan-takaa\/<\/a><\/p>\n<p>***<\/p>\n<p style=\"text-align: left;\">In May, Sinfis will be celebrating the centenary of Finland\u2019s independence by playing a symphony from the past century. There will be harmonious and vivid melodies. The concert is part of the Finland 100 programme.<\/p>\n<p style=\"text-align: left;\">The concert is built around Leevi Madetoja&#8217;s 2nd symphony which was completed around the times Finland gained it&#8217;s independence. In addition, we will play two short pieces for orchestra and violin.\u00a0 Our soloist will be Elisar Riddelin, a violin student at Sibelius Academy and a versatile young musician. The orchestra is conducted by Eveliina Aijasaho. Welcome!<\/p>\n<p><strong>The concert is on Tuesday 9th of May at 7pm at Kuokkala church.<\/strong><br \/>\nDuration: 75 minutes.<\/p>\n<p><strong>Tickets: 6\u20ac\/12\u20ac<\/strong> (lower price: children under 12 years, students, unemployed, retired)<br \/>\nPlease note, cash only!<br \/>\nYou can also reserve or buy tickets online. Send an e-mail to sinfis.jyu@gmail.com. Give your name and the amount of tickets you wish to reserve. If you want to pay online, please mention it in the e-mail and you will get specific payment instructions. The reservation will be confirmed within a few days.<\/p>\n<p>Find the event on facebook: <a href=\"https:\/\/www.facebook.com\/events\/392391564479446\/\" target=\"_blank\">https:\/\/www.facebook.com\/events\/392391564479446\/ <\/a><br \/>\nFind the event on Finland 100-webpage: <a href=\"http:\/\/suomifinland100.fi\/project\/sinfonia-vuosisadan-takaa\/\" target=\"_blank\">http:\/\/suomifinland100.fi\/project\/sinfonia-vuosisadan-takaa\/<\/a><\/p>","protected":false},"excerpt":{"rendered":"<p>Toukokuussa on tiedossa niin mahtipontisia, sointuvia kuin surumielisi\u00e4kin s\u00e4veli\u00e4, kun Sinfis juhlistaa Suomen\u00a0 100-vuotisjuhlavuotta soittamalla sinfonian vuosisadan takaa. Konsertin keski\u00f6ss\u00e4 on Suomen itsen\u00e4istymisen aikoihin valmistunut Leevi Madetojan 2. Sinfonia. Lis\u00e4ksi soitamme kaksi lyhyemp\u00e4\u00e4 teosta viululle ja orkesterille. Solistiksemme tulee Elisar Riddelin, Sibelius-Akatemiassa viulunsoittoa opiskeleva musiikin monitaituri. Konsertti on osa Suomen itsen\u00e4isyyden satavuotisjuhlavuoden ohjelmaa. Orkesteria johtaa &hellip; <\/p>\n<p class=\"link-more\"><a href=\"https:\/\/www.sinfis.fi\/en\/2017\/04\/sinfonia-vuosisadan-takaa\/\" class=\"more-link\">Continue reading<span class=\"screen-reader-text\"> &#8221;Sinfonia vuosisadan takaa&#8221;<\/span><\/a><\/p>","protected":false},"author":1,"featured_media":0,"comment_status":"open","ping_status":"open","sticky":false,"template":"","format":"standard","meta":{"footnotes":""},"categories":[4],"tags":[],"class_list":["post-1104","post","type-post","status-publish","format-standard","hentry","category-kuulumisia"],"_links":{"self":[{"href":"https:\/\/www.sinfis.fi\/en\/wp-json\/wp\/v2\/posts\/1104","targetHints":{"allow":["GET"]}}],"collection":[{"href":"https:\/\/www.sinfis.fi\/en\/wp-json\/wp\/v2\/posts"}],"about":[{"href":"https:\/\/www.sinfis.fi\/en\/wp-json\/wp\/v2\/types\/post"}],"author":[{"embeddable":true,"href":"https:\/\/www.sinfis.fi\/en\/wp-json\/wp\/v2\/users\/1"}],"replies":[{"embeddable":true,"href":"https:\/\/www.sinfis.fi\/en\/wp-json\/wp\/v2\/comments?post=1104"}],"version-history":[{"count":13,"href":"https:\/\/www.sinfis.fi\/en\/wp-json\/wp\/v2\/posts\/1104\/revisions"}],"predecessor-version":[{"id":1120,"href":"https:\/\/www.sinfis.fi\/en\/wp-json\/wp\/v2\/posts\/1104\/revisions\/1120"}],"wp:attachment":[{"href":"https:\/\/www.sinfis.fi\/en\/wp-json\/wp\/v2\/media?parent=1104"}],"wp:term":[{"taxonomy":"category","embeddable":true,"href":"https:\/\/www.sinfis.fi\/en\/wp-json\/wp\/v2\/categories?post=1104"},{"taxonomy":"post_tag","embeddable":true,"href":"https:\/\/www.sinfis.fi\/en\/wp-json\/wp\/v2\/tags?post=1104"}],"curies":[{"name":"wp","href":"https:\/\/api.w.org\/{rel}","templated":true}]}}