{"id":1072,"date":"2017-01-29T21:35:01","date_gmt":"2017-01-29T19:35:01","guid":{"rendered":"http:\/\/www.sinfis.net\/?p=1072"},"modified":"2017-01-29T21:35:01","modified_gmt":"2017-01-29T19:35:01","slug":"uusi-kevatkausi-uudet-savelet","status":"publish","type":"post","link":"https:\/\/www.sinfis.fi\/en\/2017\/01\/uusi-kevatkausi-uudet-savelet\/","title":{"rendered":"Uusi kev\u00e4tkausi, uudet s\u00e4velet!"},"content":{"rendered":"<p>Sinfiksen kev\u00e4tkauden treenit ovat l\u00e4hteneet mukavasti k\u00e4yntiin. Kev\u00e4tkautemme rakentuu Suomen 100 -vuotisjuhlavuoden ymp\u00e4rille ja soitossa on mm. Leevi Madetojan toinen sinfonia. Orkesteri harjoittelee joka maanantai klo.18-21 Musicalla salissa M103. <\/p>\n<p>Kev\u00e4\u00e4n harjoittelut huipentuvat konserttiin, joka pidet\u00e4\u00e4n 9.5. Kuokkalan kirkossa. Lis\u00e4tietoja konsertista p\u00e4ivitet\u00e4\u00e4n kev\u00e4\u00e4n edetess\u00e4.<\/p>","protected":false},"excerpt":{"rendered":"<p>Sinfiksen kev\u00e4tkauden treenit ovat l\u00e4hteneet mukavasti k\u00e4yntiin. Kev\u00e4tkautemme rakentuu Suomen 100 -vuotisjuhlavuoden ymp\u00e4rille ja soitossa on mm. Leevi Madetojan toinen sinfonia. Orkesteri harjoittelee joka maanantai klo.18-21 Musicalla salissa M103. Kev\u00e4\u00e4n harjoittelut huipentuvat konserttiin, joka pidet\u00e4\u00e4n 9.5. Kuokkalan kirkossa. Lis\u00e4tietoja konsertista p\u00e4ivitet\u00e4\u00e4n kev\u00e4\u00e4n edetess\u00e4.<\/p>","protected":false},"author":1,"featured_media":0,"comment_status":"open","ping_status":"open","sticky":false,"template":"","format":"standard","meta":{"footnotes":""},"categories":[4],"tags":[],"class_list":["post-1072","post","type-post","status-publish","format-standard","hentry","category-kuulumisia"],"_links":{"self":[{"href":"https:\/\/www.sinfis.fi\/en\/wp-json\/wp\/v2\/posts\/1072","targetHints":{"allow":["GET"]}}],"collection":[{"href":"https:\/\/www.sinfis.fi\/en\/wp-json\/wp\/v2\/posts"}],"about":[{"href":"https:\/\/www.sinfis.fi\/en\/wp-json\/wp\/v2\/types\/post"}],"author":[{"embeddable":true,"href":"https:\/\/www.sinfis.fi\/en\/wp-json\/wp\/v2\/users\/1"}],"replies":[{"embeddable":true,"href":"https:\/\/www.sinfis.fi\/en\/wp-json\/wp\/v2\/comments?post=1072"}],"version-history":[{"count":2,"href":"https:\/\/www.sinfis.fi\/en\/wp-json\/wp\/v2\/posts\/1072\/revisions"}],"predecessor-version":[{"id":1074,"href":"https:\/\/www.sinfis.fi\/en\/wp-json\/wp\/v2\/posts\/1072\/revisions\/1074"}],"wp:attachment":[{"href":"https:\/\/www.sinfis.fi\/en\/wp-json\/wp\/v2\/media?parent=1072"}],"wp:term":[{"taxonomy":"category","embeddable":true,"href":"https:\/\/www.sinfis.fi\/en\/wp-json\/wp\/v2\/categories?post=1072"},{"taxonomy":"post_tag","embeddable":true,"href":"https:\/\/www.sinfis.fi\/en\/wp-json\/wp\/v2\/tags?post=1072"}],"curies":[{"name":"wp","href":"https:\/\/api.w.org\/{rel}","templated":true}]}}